{"id":8527,"count":18,"description":"La Perla \u00e9s distribu\u00efdor oficial de cabell artificial o p\u00e8l artificial de la marca X-pression model Ultra Braid. El model d'extensions de cabell artificial per a tota botiga de cosm\u00e8tics, majorista de cosm\u00e8tics o distribu\u00efdor de cosm\u00e8tica. La Perla \u00e9s prove\u00efdor de X-pression Ultra Braid.","link":"https:\/\/www.laperlavalles.cat\/ca\/categoria-producte\/cabell-artificial\/cabell-artificial-x-pression-ultra-braid\/","name":"CABELL ARTIFICIAL: X-PRESSION ULTRA BRAID","slug":"cabell-artificial-x-pression-ultra-braid","taxonomy":"product_cat","parent":8424,"meta":[],"_links":{"self":[{"href":"https:\/\/www.laperlavalles.cat\/ca\/wp-json\/wp\/v2\/product_cat\/8527"}],"collection":[{"href":"https:\/\/www.laperlavalles.cat\/ca\/wp-json\/wp\/v2\/product_cat"}],"about":[{"href":"https:\/\/www.laperlavalles.cat\/ca\/wp-json\/wp\/v2\/taxonomies\/product_cat"}],"up":[{"embeddable":true,"href":"https:\/\/www.laperlavalles.cat\/ca\/wp-json\/wp\/v2\/product_cat\/8424"}],"wp:post_type":[{"href":"https:\/\/www.laperlavalles.cat\/ca\/wp-json\/wp\/v2\/product?product_cat=8527"}],"curies":[{"name":"wp","href":"https:\/\/api.w.org\/{rel}","templated":true}]}}